
{"id":10346,"date":"2022-11-09T11:05:41","date_gmt":"2022-11-09T11:05:41","guid":{"rendered":"https:\/\/claitec.com\/llega-euro-expo-industrimassor-la-feria-de-la-industria-de-laponia-en-kiruna\/"},"modified":"2022-11-09T11:20:08","modified_gmt":"2022-11-09T11:20:08","slug":"euro-expo-industrimassor-22","status":"publish","type":"post","link":"https:\/\/claitec.com\/ca\/euro-expo-industrimassor-22\/","title":{"rendered":"Arriba l\u2019EURO EXPO IndustriM\u00e4ssor, la fira de la ind\u00fastria de Lap\u00f2nia a Kiruna"},"content":{"rendered":"\n<figure class=\"wp-block-image size-large\"><a href=\"https:\/\/claitec.com\/wp-content\/uploads\/2022\/11\/Euro-expo-Kiruna-22.jpg\"><img loading=\"lazy\" decoding=\"async\" width=\"1024\" height=\"510\" src=\"https:\/\/claitec.com\/wp-content\/uploads\/2022\/11\/Euro-expo-Kiruna-22-1024x510.jpg\" alt=\"\" class=\"wp-image-10335\" srcset=\"https:\/\/claitec.com\/wp-content\/uploads\/2022\/11\/Euro-expo-Kiruna-22-1024x510.jpg 1024w, https:\/\/claitec.com\/wp-content\/uploads\/2022\/11\/Euro-expo-Kiruna-22-300x149.jpg 300w, https:\/\/claitec.com\/wp-content\/uploads\/2022\/11\/Euro-expo-Kiruna-22-768x383.jpg 768w, https:\/\/claitec.com\/wp-content\/uploads\/2022\/11\/Euro-expo-Kiruna-22-1536x765.jpg 1536w, https:\/\/claitec.com\/wp-content\/uploads\/2022\/11\/Euro-expo-Kiruna-22-200x100.jpg 200w, https:\/\/claitec.com\/wp-content\/uploads\/2022\/11\/Euro-expo-Kiruna-22.jpg 1778w\" sizes=\"auto, (max-width: 1024px) 100vw, 1024px\" \/><\/a><\/figure>\n\n\n\n<p><a href=\"https:\/\/www.euroexpo.se\/\">EURO EXPO IndustriM\u00e4ssor<\/a> \u00e9s una fira regional que des del 1977 ajuda a les empreses a construir relacions comercials en diferents ubicacions dels pa\u00efsos n\u00f2rdics tant a curt com a llarg termini dins del sector de la ind\u00fastria manufacturera.<br><br><\/p>\n\n\n\n<p>Durant els dies 9 i 10 de novembre del 2022 l\u2019EURO EXPO se celebra a Kiruna (Su\u00e8cia) per aportar noves idees per desenvolupar la producci\u00f3 per a empreses de fabricaci\u00f3.<br>Els sistemes de seguretat Claitec hi seran presents de la m\u00e0 del nostre distribu\u00efdor suec <a href=\"https:\/\/apeximport.se\/\">Apex Import AB<\/a>, que ofereix els millors productes de seguretat, sempre tenint en compte la millor qualitat i les consideracions mediambientals, als diferents segments del sector industrial.<br><br><\/p>\n\n\n\n<p>Passeu-hi i feu un cop d\u2019ull a les diferents demostracions de productes que hi haur\u00e0, com el <a href=\"https:\/\/claitec.com\/ca\/portfolio\/alerta-de-persones-pas\/\">PAS Sistema d\u2019Alerta de Persones<\/a>, el <a href=\"https:\/\/claitec.com\/ca\/portfolio\/sistema-anticollisio-cas\/\">CAS-G2 Sistema d\u2019anticol\u00b7lisi\u00f3<\/a> i el <a href=\"https:\/\/claitec.com\/ca\/portfolio\/visualitzacio-alertes-seguretat-vas\/\">VAS Sistema de Visualitzaci\u00f3 d\u2019Alertes<\/a>.<br><br><br>Si voleu tenir m\u00e9s informaci\u00f3 sobre la nostra participaci\u00f3 a la fira, no dubteu a contactar-nos, <a href=\"https:\/\/claitec.com\/ca\/contacte\/\">som aqu\u00ed <\/a>per ajudar-vos!<\/p>\n","protected":false},"excerpt":{"rendered":"<p>EURO EXPO IndustriM\u00e4ssor \u00e9s una fira regional que des del 1977 ajuda a les empreses a construir relacions comercials en diferents ubicacions dels pa\u00efsos n\u00f2rdics tant a curt com a llarg termini dins del sector de la ind\u00fastria manufacturera. Durant els dies 9 i 10 de novembre del 2022 l\u2019EURO EXPO se celebra a Kiruna (Su\u00e8cia) per aportar noves idees per desenvolupar la producci\u00f3 per a empreses de fabricaci\u00f3.Els sistemes de seguretat Claitec hi seran presents de la m\u00e0 del nostre distribu\u00efdor suec Apex Import AB, que ofereix els millors productes de seguretat, sempre tenint en compte la millor qualitat i les consideracions mediambientals, als diferents segments del sector industrial. Passeu-hi i feu un cop d\u2019ull a les diferents demostracions de productes que hi haur\u00e0, com el PAS Sistema d\u2019Alerta de Persones, el CAS-G2 Sistema d\u2019anticol\u00b7lisi\u00f3 i el VAS Sistema de Visualitzaci\u00f3 d\u2019Alertes. Si voleu tenir m\u00e9s informaci\u00f3 sobre la nostra participaci\u00f3 a la fira, no dubteu a contactar-nos, som aqu\u00ed per ajudar-vos!<\/p>\n","protected":false},"author":4,"featured_media":10355,"comment_status":"closed","ping_status":"open","sticky":false,"template":"","format":"standard","meta":{"footnotes":""},"categories":[16],"tags":[],"class_list":["post-10346","post","type-post","status-publish","format-standard","has-post-thumbnail","hentry","category-general-ca"],"_links":{"self":[{"href":"https:\/\/claitec.com\/ca\/wp-json\/wp\/v2\/posts\/10346","targetHints":{"allow":["GET"]}}],"collection":[{"href":"https:\/\/claitec.com\/ca\/wp-json\/wp\/v2\/posts"}],"about":[{"href":"https:\/\/claitec.com\/ca\/wp-json\/wp\/v2\/types\/post"}],"author":[{"embeddable":true,"href":"https:\/\/claitec.com\/ca\/wp-json\/wp\/v2\/users\/4"}],"replies":[{"embeddable":true,"href":"https:\/\/claitec.com\/ca\/wp-json\/wp\/v2\/comments?post=10346"}],"version-history":[{"count":2,"href":"https:\/\/claitec.com\/ca\/wp-json\/wp\/v2\/posts\/10346\/revisions"}],"predecessor-version":[{"id":10367,"href":"https:\/\/claitec.com\/ca\/wp-json\/wp\/v2\/posts\/10346\/revisions\/10367"}],"wp:featuredmedia":[{"embeddable":true,"href":"https:\/\/claitec.com\/ca\/wp-json\/wp\/v2\/media\/10355"}],"wp:attachment":[{"href":"https:\/\/claitec.com\/ca\/wp-json\/wp\/v2\/media?parent=10346"}],"wp:term":[{"taxonomy":"category","embeddable":true,"href":"https:\/\/claitec.com\/ca\/wp-json\/wp\/v2\/categories?post=10346"},{"taxonomy":"post_tag","embeddable":true,"href":"https:\/\/claitec.com\/ca\/wp-json\/wp\/v2\/tags?post=10346"}],"curies":[{"name":"wp","href":"https:\/\/api.w.org\/{rel}","templated":true}]}}