
{"id":10400,"date":"2022-11-10T08:59:34","date_gmt":"2022-11-10T08:59:34","guid":{"rendered":"https:\/\/claitec.com\/preventica-dakar-2022\/"},"modified":"2022-11-11T07:07:20","modified_gmt":"2022-11-11T07:07:20","slug":"preventica-dakar-2022","status":"publish","type":"post","link":"https:\/\/claitec.com\/ca\/preventica-dakar-2022\/","title":{"rendered":"Pr\u00e9ventica Dakar 2022, una aut\u00e8ntica cru\u00eflla de trobades entre professionals de la seguretat industrial"},"content":{"rendered":"\n<p><\/p>\n\n\n\n<figure class=\"wp-block-image size-large\"><a href=\"https:\/\/claitec.com\/wp-content\/uploads\/2022\/11\/Preventica-Dakar-22.jpg\"><img loading=\"lazy\" decoding=\"async\" width=\"1024\" height=\"510\" src=\"https:\/\/claitec.com\/wp-content\/uploads\/2022\/11\/Preventica-Dakar-22-1024x510.jpg\" alt=\"\" class=\"wp-image-10388\" srcset=\"https:\/\/claitec.com\/wp-content\/uploads\/2022\/11\/Preventica-Dakar-22-1024x510.jpg 1024w, https:\/\/claitec.com\/wp-content\/uploads\/2022\/11\/Preventica-Dakar-22-300x149.jpg 300w, https:\/\/claitec.com\/wp-content\/uploads\/2022\/11\/Preventica-Dakar-22-768x383.jpg 768w, https:\/\/claitec.com\/wp-content\/uploads\/2022\/11\/Preventica-Dakar-22-1536x765.jpg 1536w, https:\/\/claitec.com\/wp-content\/uploads\/2022\/11\/Preventica-Dakar-22-200x100.jpg 200w, https:\/\/claitec.com\/wp-content\/uploads\/2022\/11\/Preventica-Dakar-22.jpg 1778w\" sizes=\"auto, (max-width: 1024px) 100vw, 1024px\" \/><\/a><\/figure>\n\n\n\n<p><br>DDel 8 al 10 de novembre del 2022 Dakar acull el f\u00f2rum internacional <a href=\"https:\/\/www.preventica-africa.com\/\">Pr\u00e9ventica<\/a>. La seva 3a edici\u00f3 \u00e9s dedicada a la Gesti\u00f3 de riscos a l\u2019\u00c0frica per a un desenvolupament econ\u00f2mic sostenible. Un esdeveniment de 3 dies per formar-se, informar-se, con\u00e8ixer experts i beneficiar-se d&#8217;oportunitats de negoci en un sol lloc que resumeix una aut\u00e8ntica cru\u00eflla de trobades entre professionals de la seguretat industrial.<br><br><\/p>\n\n\n\n<p>El nostre distribu\u00efdor i alhora expert en la seguretat industrial, <a href=\"https:\/\/besafe.ma\/\">BE SAFE INTERNATIONAL<\/a>, ha tigut l\u2019ocasi\u00f3 de participar-hi activament demostrant una vegada m\u00e9s la funcionalitat de les solucions de seguretat de Claitec davant les c\u00e0meres i del nombr\u00f3s p\u00fablic que ha rebut.<br><br><\/p>\n\n\n\n<p>Fins avui encara \u00e9s possible passar pel seu estand (<strong>Stand D 05<\/strong>) per poder observar de ben a prop les diferents demostracions que fan en directe dels seg\u00fcents productes: El <a href=\"https:\/\/claitec.com\/ca\/portfolio\/alerta-de-persones-pas\/\">PAS Sistema d\u2019Alerta de Persones<\/a>, el <a href=\"https:\/\/claitec.com\/ca\/portfolio\/sistema-anticollisio-cas\/\">CAS-G2 Sistema d\u2019anticol\u00b7lisi\u00f3<\/a>, el\u00a0<a href=\"https:\/\/claitec.com\/ca\/portfolio\/visualitzacio-alertes-seguretat-vas\/\">VAS Sistema de Visualitzaci\u00f3 d\u2019Alertes<\/a> i la <a href=\"https:\/\/claitec.com\/ca\/porta-seguretat-vianants-psg\/\">PSG Porta de Seguridad Peatonal<\/a>.<br><br><\/p>\n\n\n\n<p>Si voleu tenir m\u00e9s informaci\u00f3 sobre la nostra participaci\u00f3 a la fira, no dubteu a contactar-nos,\u00a0<a href=\"https:\/\/claitec.com\/ca\/contacte\/\">som aqu\u00ed<\/a>\u00a0per ajudar-vos!<br><br><br><\/p>\n\n\n\n<figure class=\"wp-block-embed is-type-video is-provider-youtube wp-block-embed-youtube wp-embed-aspect-16-9 wp-has-aspect-ratio\"><div class=\"wp-block-embed__wrapper\">\n<iframe loading=\"lazy\" title=\"CAS-G2 Forklift Collision Avoidance demo at Pr\u00e9ventica Dakar 2022\" width=\"940\" height=\"529\" src=\"https:\/\/www.youtube.com\/embed\/FssEQWnxNWw?feature=oembed\" frameborder=\"0\" allow=\"accelerometer; autoplay; clipboard-write; encrypted-media; gyroscope; picture-in-picture\" allowfullscreen><\/iframe>\n<\/div><\/figure>\n","protected":false},"excerpt":{"rendered":"<p>DDel 8 al 10 de novembre del 2022 Dakar acull el f\u00f2rum internacional Pr\u00e9ventica. La seva 3a edici\u00f3 \u00e9s dedicada a la Gesti\u00f3 de riscos a l\u2019\u00c0frica per a un desenvolupament econ\u00f2mic sostenible. Un esdeveniment de 3 dies per formar-se, informar-se, con\u00e8ixer experts i beneficiar-se d&#8217;oportunitats de negoci en un sol lloc que resumeix una aut\u00e8ntica cru\u00eflla de trobades entre professionals de la seguretat industrial. El nostre distribu\u00efdor i alhora expert en la seguretat industrial, BE SAFE INTERNATIONAL, ha tigut l\u2019ocasi\u00f3 de participar-hi activament demostrant una vegada m\u00e9s la funcionalitat de les solucions de seguretat de Claitec davant les c\u00e0meres i del nombr\u00f3s p\u00fablic que ha rebut. Fins avui encara \u00e9s possible passar pel seu estand (Stand D 05) per poder observar de ben a prop les diferents demostracions que fan en directe dels seg\u00fcents productes: El PAS Sistema d\u2019Alerta de Persones, el CAS-G2 Sistema d\u2019anticol\u00b7lisi\u00f3, el\u00a0VAS Sistema de Visualitzaci\u00f3 d\u2019Alertes i la PSG Porta de Seguridad Peatonal. Si voleu tenir m\u00e9s informaci\u00f3 sobre la nostra participaci\u00f3 a la fira, no dubteu a contactar-nos,\u00a0som aqu\u00ed\u00a0per ajudar-vos!<\/p>\n","protected":false},"author":4,"featured_media":10392,"comment_status":"closed","ping_status":"open","sticky":false,"template":"","format":"standard","meta":{"footnotes":""},"categories":[16],"tags":[],"class_list":["post-10400","post","type-post","status-publish","format-standard","has-post-thumbnail","hentry","category-general-ca"],"_links":{"self":[{"href":"https:\/\/claitec.com\/ca\/wp-json\/wp\/v2\/posts\/10400","targetHints":{"allow":["GET"]}}],"collection":[{"href":"https:\/\/claitec.com\/ca\/wp-json\/wp\/v2\/posts"}],"about":[{"href":"https:\/\/claitec.com\/ca\/wp-json\/wp\/v2\/types\/post"}],"author":[{"embeddable":true,"href":"https:\/\/claitec.com\/ca\/wp-json\/wp\/v2\/users\/4"}],"replies":[{"embeddable":true,"href":"https:\/\/claitec.com\/ca\/wp-json\/wp\/v2\/comments?post=10400"}],"version-history":[{"count":6,"href":"https:\/\/claitec.com\/ca\/wp-json\/wp\/v2\/posts\/10400\/revisions"}],"predecessor-version":[{"id":10416,"href":"https:\/\/claitec.com\/ca\/wp-json\/wp\/v2\/posts\/10400\/revisions\/10416"}],"wp:featuredmedia":[{"embeddable":true,"href":"https:\/\/claitec.com\/ca\/wp-json\/wp\/v2\/media\/10392"}],"wp:attachment":[{"href":"https:\/\/claitec.com\/ca\/wp-json\/wp\/v2\/media?parent=10400"}],"wp:term":[{"taxonomy":"category","embeddable":true,"href":"https:\/\/claitec.com\/ca\/wp-json\/wp\/v2\/categories?post=10400"},{"taxonomy":"post_tag","embeddable":true,"href":"https:\/\/claitec.com\/ca\/wp-json\/wp\/v2\/tags?post=10400"}],"curies":[{"name":"wp","href":"https:\/\/api.w.org\/{rel}","templated":true}]}}