
{"id":13490,"date":"2024-08-07T10:05:10","date_gmt":"2024-08-07T10:05:10","guid":{"rendered":"https:\/\/claitec.com\/?p=13490"},"modified":"2024-08-07T10:05:11","modified_gmt":"2024-08-07T10:05:11","slug":"compromis-amb-la-seguretat-laboral","status":"publish","type":"post","link":"https:\/\/claitec.com\/ca\/compromis-amb-la-seguretat-laboral\/","title":{"rendered":"Comprom\u00eds amb la seguretat laboral"},"content":{"rendered":"\n<figure class=\"wp-block-image size-full\"><a href=\"https:\/\/claitec.com\/wp-content\/uploads\/2024\/08\/Compromiso-con-la-seguridad-laboral-claitec-min-scaled.jpg\"><img loading=\"lazy\" decoding=\"async\" width=\"2560\" height=\"1438\" src=\"https:\/\/claitec.com\/wp-content\/uploads\/2024\/08\/Compromiso-con-la-seguridad-laboral-claitec-min-scaled.jpg\" alt=\"\" class=\"wp-image-13481\" srcset=\"https:\/\/claitec.com\/wp-content\/uploads\/2024\/08\/Compromiso-con-la-seguridad-laboral-claitec-min-scaled.jpg 2560w, https:\/\/claitec.com\/wp-content\/uploads\/2024\/08\/Compromiso-con-la-seguridad-laboral-claitec-min-300x169.jpg 300w, https:\/\/claitec.com\/wp-content\/uploads\/2024\/08\/Compromiso-con-la-seguridad-laboral-claitec-min-1024x575.jpg 1024w, https:\/\/claitec.com\/wp-content\/uploads\/2024\/08\/Compromiso-con-la-seguridad-laboral-claitec-min-768x432.jpg 768w, https:\/\/claitec.com\/wp-content\/uploads\/2024\/08\/Compromiso-con-la-seguridad-laboral-claitec-min-1536x863.jpg 1536w, https:\/\/claitec.com\/wp-content\/uploads\/2024\/08\/Compromiso-con-la-seguridad-laboral-claitec-min-2048x1151.jpg 2048w, https:\/\/claitec.com\/wp-content\/uploads\/2024\/08\/Compromiso-con-la-seguridad-laboral-claitec-min-200x112.jpg 200w\" sizes=\"auto, (max-width: 2560px) 100vw, 2560px\" \/><\/a><\/figure>\n\n\n\n<p>Quan <a href=\"https:\/\/claitec.com\/ca\/\">Claitec<\/a> va iniciar la seva traject\u00f2ria professional el 2013, el prop\u00f2sit era clar: millorar la seguretat de les persones als seus llocs de treball. El nostre equip ja comptava amb una \u00e0mplia experi\u00e8ncia en el camp, cosa que ens va ajudar a cr\u00e9ixer r\u00e0pidament i a centrar els nostres esfor\u00e7os en abordar els principals problemes que afronten les empreses di\u00e0riament. A mesura que hem avan\u00e7at en aquest cam\u00ed, hem estat cada vegada m\u00e9s conscients del perqu\u00e8 fem el que fem i per qu\u00e8 estem decidits a continuar en aquesta direcci\u00f3. La ra\u00f3 no \u00e9s altra que saber que el nostre treball diari serveix per protegir les persones, evitar lesions i fins i tot salvar vides. Qu\u00e8 pot ser m\u00e9s important que aix\u00f2? Saber que el nostre esfor\u00e7 i dedicaci\u00f3 pot evitar un accident fatal, permetent que un treballador torni a casa sa i estalvi, no nom\u00e9s \u00e9s la nostra activitat professional; ens emociona i ens omple de orgull.<br><br><br>Per\u00f2 tamb\u00e9 sabem que no podem abaixar la gu\u00e0rdia. Malgrat els esfor\u00e7os, les dades sobre accidents laborals continuen sent aclaparadores. Cada any es registren aproximadament <strong>61.800<\/strong> accidents en entorns laborals, dels quals <strong>34.900<\/strong> tenen conseq\u00fc\u00e8ncies fatals. El m\u00e9s preocupant \u00e9s que molts d&#8217;ells podrien haver-se evitat. \u00c9s responsabilitat de tots, i perqu\u00e8 no dir-ho, una obligaci\u00f3, conscienciar-nos de la import\u00e0ncia de millorar la seguretat dels treballadors. Hem de generar confian\u00e7a i fer que se sentin una part important de l\u2019equip. Aix\u00f2, sens dubte, tamb\u00e9 repercuteix en la seva productivitat i esfor\u00e7.<br><br><br>El nostre treball, com qualsevol altre, no sempre \u00e9s f\u00e0cil, per\u00f2 disposem de les eines necess\u00e0ries per dur-lo a terme amb \u00e8xit, comen\u00e7ant, sens dubte, pel recurs hum\u00e0. Comptem amb un equip comprom\u00e8s en millorar constantment el nostre servei, format per experts especialitzats amb \u00e0mplia experi\u00e8ncia en les \u00faltimes tecnologies. Dediquem gran part dels nostres esfor\u00e7os a la investigaci\u00f3 i el desenvolupament de les nostres solucions, aprofitant sempre les darreres tend\u00e8ncies i possibilitats per adaptar-nos a les demandes actuals, sense quedar-nos enrere. L&#8217;equip de <a href=\"https:\/\/claitec.com\/ca\/\">Claitec<\/a> est\u00e0 disposat a oferir no nom\u00e9s un producte de qualitat, sin\u00f3 tamb\u00e9 una atenci\u00f3 i seguiment personalitzats perqu\u00e8 l&#8217;experi\u00e8ncia dels nostres clients i usuaris sigui el m\u00e9s \u00f2ptima possible.<br><br><br>Per descomptat, no ens oblidem de la formaci\u00f3, ja que \u00e9s un aspecte crucial a tenir en compte. Volem que els nostres productes funcionin correctament i compleixin amb el seu prop\u00f2sit, cosa que requereix un muntatge i configuraci\u00f3 adequats. Per aix\u00f2, oferim formacions constants als nostres col\u00b7laboradors i distribu\u00efdors, assegurant-nos que estiguin plenament capacitats per utilitzar i aplicar les nostres solucions de manera efectiva.<br><\/p>\n\n\n\n<p>Estudiem cada projecte amb deteniment per oferir una soluci\u00f3 adequada a cada casu\u00edstica de l&#8217;entorn. Els clients satisfets ens avalen sobre el que hem fet b\u00e9, i cada nou repte ens d\u00f3na pistes sobre com podem millorar i quins problemes troben els nostres usuaris en el seu dia a dia.Aquells que ja coneixen l\u2019activitat de <a href=\"https:\/\/claitec.com\/ca\/\">Claitec<\/a>, estaran familiaritzats amb alguns dels nostres productes. No obstant aix\u00f2, per a aquells que encara no ens coneixen, la pregunta \u00e9s evident: <strong>\u00bfCom ho fem?<\/strong><br><br><br>Existeixen diferents mesures de prevenci\u00f3, principalment aquelles que poden separar la maquin\u00e0ria de risc de les persones mitjan\u00e7ant sistemes de seguretat fixa, com barreres i portes. No obstant aix\u00f2, hi ha situacions en qu\u00e8 aix\u00f2 no \u00e9s possible. Aqu\u00ed \u00e9s on actuen els nostres productes. Instal\u00b7lem sensors, radars, portes de seguretat o controls d\u2019acc\u00e9s, entre altres sistemes, per detectar el perill. Mitjan\u00e7ant radiofreq\u00fc\u00e8ncia, equipem els vianants i les carretilles elevadores perqu\u00e8 puguin ser detectats dins d\u2019un radi de seguretat, alertant-los del perill perqu\u00e8 puguin prendre les mesures necess\u00e0ries<\/p>\n\n\n\n<p><br>Hi ha diverses maneres d&#8217;assolir aquest prop\u00f2sit, i l&#8217;elecci\u00f3 entre una opci\u00f3 i una altra dependr\u00e0 de l&#8217;entorn i de la valoraci\u00f3 d&#8217;un expert en el camp. Podem utilitzar senyals ac\u00fastiques, senyals visuals, bloquejar portes a personal no autoritzat i fins i tot controlar la velocitat de les carretilles en zones d&#8217;alt risc. L&#8217;experi\u00e8ncia del nostre equip \u00e9s essencial per trobar la soluci\u00f3 id\u00f2nia en cada cas. A <a href=\"https:\/\/claitec.com\/ca\/\">Claitec<\/a> no estalviem esfor\u00e7os per oferir sempre el millor.<br><br><br>Us convidem a visitar el nostre lloc web per con\u00e8ixer m\u00e9s sobre aquestes solucions i descobrir com podem ajudar-te a millorar la seguretat de la teva empresa. Estem sempre encantats de resoldre qualsevol dubte, consulta o d\u2019agendar una cita amb algun dels nostres experts per obtenir assessorament personalitzat. <a href=\"https:\/\/claitec.com\/ca\/contacte\/\">Contacta&#8217;ns<\/a> i ens posarem en comunicaci\u00f3 amb tu el m\u00e9s aviat possible.<\/p>\n","protected":false},"excerpt":{"rendered":"<p>Quan Claitec va iniciar la seva traject\u00f2ria professional el 2013, el prop\u00f2sit era clar: millorar la seguretat de les persones als seus llocs de treball. El nostre equip ja comptava amb una \u00e0mplia experi\u00e8ncia en el camp, cosa que ens va ajudar a cr\u00e9ixer r\u00e0pidament i a centrar els nostres esfor\u00e7os en abordar els principals problemes que afronten les empreses di\u00e0riament. A mesura que hem avan\u00e7at en aquest cam\u00ed, hem estat cada vegada m\u00e9s conscients del perqu\u00e8 fem el que fem i per qu\u00e8 estem decidits a continuar en aquesta direcci\u00f3. La ra\u00f3 no \u00e9s altra que saber que el nostre treball diari serveix per protegir les persones, evitar lesions i fins i tot salvar vides. Qu\u00e8 pot ser m\u00e9s important que aix\u00f2? Saber que el nostre esfor\u00e7 i dedicaci\u00f3 pot evitar un accident fatal, permetent que un treballador torni a casa sa i estalvi, no nom\u00e9s \u00e9s la nostra activitat professional; ens emociona i ens omple de orgull. Per\u00f2 tamb\u00e9 sabem que no podem abaixar la gu\u00e0rdia. Malgrat els esfor\u00e7os, les dades sobre accidents laborals continuen sent aclaparadores. Cada any es registren aproximadament 61.800 accidents en entorns laborals, dels quals 34.900 tenen conseq\u00fc\u00e8ncies fatals. El m\u00e9s preocupant \u00e9s que [&hellip;]<\/p>\n","protected":false},"author":4,"featured_media":13487,"comment_status":"closed","ping_status":"open","sticky":false,"template":"","format":"standard","meta":{"footnotes":""},"categories":[16],"tags":[],"class_list":["post-13490","post","type-post","status-publish","format-standard","has-post-thumbnail","hentry","category-general-ca"],"_links":{"self":[{"href":"https:\/\/claitec.com\/ca\/wp-json\/wp\/v2\/posts\/13490","targetHints":{"allow":["GET"]}}],"collection":[{"href":"https:\/\/claitec.com\/ca\/wp-json\/wp\/v2\/posts"}],"about":[{"href":"https:\/\/claitec.com\/ca\/wp-json\/wp\/v2\/types\/post"}],"author":[{"embeddable":true,"href":"https:\/\/claitec.com\/ca\/wp-json\/wp\/v2\/users\/4"}],"replies":[{"embeddable":true,"href":"https:\/\/claitec.com\/ca\/wp-json\/wp\/v2\/comments?post=13490"}],"version-history":[{"count":5,"href":"https:\/\/claitec.com\/ca\/wp-json\/wp\/v2\/posts\/13490\/revisions"}],"predecessor-version":[{"id":13500,"href":"https:\/\/claitec.com\/ca\/wp-json\/wp\/v2\/posts\/13490\/revisions\/13500"}],"wp:featuredmedia":[{"embeddable":true,"href":"https:\/\/claitec.com\/ca\/wp-json\/wp\/v2\/media\/13487"}],"wp:attachment":[{"href":"https:\/\/claitec.com\/ca\/wp-json\/wp\/v2\/media?parent=13490"}],"wp:term":[{"taxonomy":"category","embeddable":true,"href":"https:\/\/claitec.com\/ca\/wp-json\/wp\/v2\/categories?post=13490"},{"taxonomy":"post_tag","embeddable":true,"href":"https:\/\/claitec.com\/ca\/wp-json\/wp\/v2\/tags?post=13490"}],"curies":[{"name":"wp","href":"https:\/\/api.w.org\/{rel}","templated":true}]}}