
{"id":14075,"date":"2025-02-20T09:57:28","date_gmt":"2025-02-20T09:57:28","guid":{"rendered":"https:\/\/claitec.com\/?p=14075"},"modified":"2025-02-20T13:34:05","modified_gmt":"2025-02-20T13:34:05","slug":"benvinguts-a-lequip","status":"publish","type":"post","link":"https:\/\/claitec.com\/ca\/benvinguts-a-lequip\/","title":{"rendered":"Benvinguts a l&#8217;equip!"},"content":{"rendered":"\n<p>El futur ens presenta nous reptes i oportunitats que hem d&#8217;afrontar amb un equip de professionals capacitats per donar el millor de si mateixos. Avui volem donar la benvinguda a tres noves incorporacions que s&#8217;uneixen al nostre equip, refor\u00e7ant aix\u00ed les diferents \u00e0rees en qu\u00e8 aportaran el seu talent i suport.<br><br><\/p>\n\n\n\n<figure class=\"wp-block-image size-full\"><a href=\"https:\/\/claitec.com\/wp-content\/uploads\/2025\/02\/Benvingut-Antonio-scaled.jpg\"><img loading=\"lazy\" decoding=\"async\" width=\"2560\" height=\"1438\" src=\"https:\/\/claitec.com\/wp-content\/uploads\/2025\/02\/Benvingut-Antonio-scaled.jpg\" alt=\"\" class=\"wp-image-14083\" srcset=\"https:\/\/claitec.com\/wp-content\/uploads\/2025\/02\/Benvingut-Antonio-scaled.jpg 2560w, https:\/\/claitec.com\/wp-content\/uploads\/2025\/02\/Benvingut-Antonio-300x169.jpg 300w, https:\/\/claitec.com\/wp-content\/uploads\/2025\/02\/Benvingut-Antonio-1024x575.jpg 1024w, https:\/\/claitec.com\/wp-content\/uploads\/2025\/02\/Benvingut-Antonio-768x432.jpg 768w, https:\/\/claitec.com\/wp-content\/uploads\/2025\/02\/Benvingut-Antonio-1536x863.jpg 1536w, https:\/\/claitec.com\/wp-content\/uploads\/2025\/02\/Benvingut-Antonio-2048x1151.jpg 2048w, https:\/\/claitec.com\/wp-content\/uploads\/2025\/02\/Benvingut-Antonio-200x112.jpg 200w\" sizes=\"auto, (max-width: 2560px) 100vw, 2560px\" \/><\/a><\/figure>\n\n\n\n<p><\/p>\n\n\n\n<p>L&#8217;Antonio \u00e9s enginyer en telecomunicacions i compta amb 25 anys d&#8217;experi\u00e8ncia en \u00e0rees com l&#8217;automatitzaci\u00f3 industrial, la direcci\u00f3 de projectes i processos, i m\u00e9s recentment, en enginyeria de vendes i suport t\u00e8cnic. Al llarg de la seva traject\u00f2ria professional, ha treballat principalment en els sectors de l&#8217;automoci\u00f3, farmac\u00e8utic i d&#8217;equips electr\u00f2nics (especialment convertidors de petit senyal).<br>En el seu temps lliure, gaudeix d&#8217;estar amb la seva fam\u00edlia, especialment amb la seva filla. A m\u00e9s, li encanta passejar per la platja i practicar esports com c\u00f3rrer, anar al gimn\u00e0s, anar en bicicleta i nedar, sobretot al mar, que \u00e9s la seva gran passi\u00f3.<br><br><strong>Benvingut Antonio!<\/strong><br><br><br><\/p>\n\n\n\n<figure class=\"wp-block-image size-full\"><a href=\"https:\/\/claitec.com\/wp-content\/uploads\/2025\/02\/Benvingut-mARC-scaled.jpg\"><img loading=\"lazy\" decoding=\"async\" width=\"2560\" height=\"1438\" src=\"https:\/\/claitec.com\/wp-content\/uploads\/2025\/02\/Benvingut-mARC-scaled.jpg\" alt=\"\" class=\"wp-image-14086\" srcset=\"https:\/\/claitec.com\/wp-content\/uploads\/2025\/02\/Benvingut-mARC-scaled.jpg 2560w, https:\/\/claitec.com\/wp-content\/uploads\/2025\/02\/Benvingut-mARC-300x169.jpg 300w, https:\/\/claitec.com\/wp-content\/uploads\/2025\/02\/Benvingut-mARC-1024x575.jpg 1024w, https:\/\/claitec.com\/wp-content\/uploads\/2025\/02\/Benvingut-mARC-768x432.jpg 768w, https:\/\/claitec.com\/wp-content\/uploads\/2025\/02\/Benvingut-mARC-1536x863.jpg 1536w, https:\/\/claitec.com\/wp-content\/uploads\/2025\/02\/Benvingut-mARC-2048x1151.jpg 2048w, https:\/\/claitec.com\/wp-content\/uploads\/2025\/02\/Benvingut-mARC-200x112.jpg 200w\" sizes=\"auto, (max-width: 2560px) 100vw, 2560px\" \/><\/a><\/figure>\n\n\n\n<p>En Marc t\u00e9 estudis en Administraci\u00f3 i Direcci\u00f3 d&#8217;Empreses per la Universitat de Barcelona i, recentment, ha complementat la seva formaci\u00f3 amb estudis en lideratge i gesti\u00f3 de projectes a l&#8217;IQS. Durant els darrers 10 anys, ha estat al capdavant de diversos projectes, destacant especialment la creaci\u00f3 d&#8217;una marca dedicada a la fabricaci\u00f3 de roba esportiva. Anteriorment, tamb\u00e9 es va dedicar a la representaci\u00f3 i comercialitzaci\u00f3 de diferents marques de vehicles de mobilitat el\u00e8ctrica.<br>La seva incorporaci\u00f3 a l&#8217;equip suposa un nou repte professional que afronta amb gran entusiasme i motivaci\u00f3.<br>En el seu temps lliure, gaudeix de la muntanya amb la seva fam\u00edlia i, quan els seus dos fills li ho permeten, aprofita per sortir a c\u00f3rrer i llegir.<\/p>\n\n\n\n<p><\/p>\n\n\n\n<p><strong>Benvingut Marc!<\/strong><br><br><br><\/p>\n\n\n\n<figure class=\"wp-block-image size-full\"><a href=\"https:\/\/claitec.com\/wp-content\/uploads\/2025\/02\/Benvingut-Josep-scaled.jpg\"><img loading=\"lazy\" decoding=\"async\" width=\"2560\" height=\"1438\" src=\"https:\/\/claitec.com\/wp-content\/uploads\/2025\/02\/Benvingut-Josep-scaled.jpg\" alt=\"\" class=\"wp-image-14089\" srcset=\"https:\/\/claitec.com\/wp-content\/uploads\/2025\/02\/Benvingut-Josep-scaled.jpg 2560w, https:\/\/claitec.com\/wp-content\/uploads\/2025\/02\/Benvingut-Josep-300x169.jpg 300w, https:\/\/claitec.com\/wp-content\/uploads\/2025\/02\/Benvingut-Josep-1024x575.jpg 1024w, https:\/\/claitec.com\/wp-content\/uploads\/2025\/02\/Benvingut-Josep-768x432.jpg 768w, https:\/\/claitec.com\/wp-content\/uploads\/2025\/02\/Benvingut-Josep-1536x863.jpg 1536w, https:\/\/claitec.com\/wp-content\/uploads\/2025\/02\/Benvingut-Josep-2048x1151.jpg 2048w, https:\/\/claitec.com\/wp-content\/uploads\/2025\/02\/Benvingut-Josep-200x112.jpg 200w\" sizes=\"auto, (max-width: 2560px) 100vw, 2560px\" \/><\/a><\/figure>\n\n\n\n<p>En Josep \u00e9s graduat en Enginyeria Electr\u00f2nica de Telecomunicacions per la Universitat Polit\u00e8cnica de Catalunya. S&#8217;ha incorporat a l&#8217;equip de desenvolupament de hardware despr\u00e9s d&#8217;haver completat amb \u00e8xit les seves pr\u00e0ctiques a Claitec. En el seu temps lliure, gaudeix fent rutes en moto per la muntanya amb els amics.<\/p>\n\n\n\n<p><strong>Benvingut Josep!<\/strong><br><br><br><br><\/p>\n\n\n\n<p><\/p>\n","protected":false},"excerpt":{"rendered":"<p>El futur ens presenta nous reptes i oportunitats que hem d&#8217;afrontar amb un equip de professionals capacitats per donar el millor de si mateixos. Avui volem donar la benvinguda a tres noves incorporacions que s&#8217;uneixen al nostre equip, refor\u00e7ant aix\u00ed les diferents \u00e0rees en qu\u00e8 aportaran el seu talent i suport. L&#8217;Antonio \u00e9s enginyer en telecomunicacions i compta amb 25 anys d&#8217;experi\u00e8ncia en \u00e0rees com l&#8217;automatitzaci\u00f3 industrial, la direcci\u00f3 de projectes i processos, i m\u00e9s recentment, en enginyeria de vendes i suport t\u00e8cnic. Al llarg de la seva traject\u00f2ria professional, ha treballat principalment en els sectors de l&#8217;automoci\u00f3, farmac\u00e8utic i d&#8217;equips electr\u00f2nics (especialment convertidors de petit senyal).En el seu temps lliure, gaudeix d&#8217;estar amb la seva fam\u00edlia, especialment amb la seva filla. A m\u00e9s, li encanta passejar per la platja i practicar esports com c\u00f3rrer, anar al gimn\u00e0s, anar en bicicleta i nedar, sobretot al mar, que \u00e9s la seva gran passi\u00f3. Benvingut Antonio! En Marc t\u00e9 estudis en Administraci\u00f3 i Direcci\u00f3 d&#8217;Empreses per la Universitat de Barcelona i, recentment, ha complementat la seva formaci\u00f3 amb estudis en lideratge i gesti\u00f3 de projectes a l&#8217;IQS. Durant els darrers 10 anys, ha estat al capdavant de diversos projectes, destacant especialment la [&hellip;]<\/p>\n","protected":false},"author":4,"featured_media":14096,"comment_status":"closed","ping_status":"open","sticky":false,"template":"","format":"standard","meta":{"footnotes":""},"categories":[16],"tags":[],"class_list":["post-14075","post","type-post","status-publish","format-standard","has-post-thumbnail","hentry","category-general-ca"],"_links":{"self":[{"href":"https:\/\/claitec.com\/ca\/wp-json\/wp\/v2\/posts\/14075","targetHints":{"allow":["GET"]}}],"collection":[{"href":"https:\/\/claitec.com\/ca\/wp-json\/wp\/v2\/posts"}],"about":[{"href":"https:\/\/claitec.com\/ca\/wp-json\/wp\/v2\/types\/post"}],"author":[{"embeddable":true,"href":"https:\/\/claitec.com\/ca\/wp-json\/wp\/v2\/users\/4"}],"replies":[{"embeddable":true,"href":"https:\/\/claitec.com\/ca\/wp-json\/wp\/v2\/comments?post=14075"}],"version-history":[{"count":6,"href":"https:\/\/claitec.com\/ca\/wp-json\/wp\/v2\/posts\/14075\/revisions"}],"predecessor-version":[{"id":14127,"href":"https:\/\/claitec.com\/ca\/wp-json\/wp\/v2\/posts\/14075\/revisions\/14127"}],"wp:featuredmedia":[{"embeddable":true,"href":"https:\/\/claitec.com\/ca\/wp-json\/wp\/v2\/media\/14096"}],"wp:attachment":[{"href":"https:\/\/claitec.com\/ca\/wp-json\/wp\/v2\/media?parent=14075"}],"wp:term":[{"taxonomy":"category","embeddable":true,"href":"https:\/\/claitec.com\/ca\/wp-json\/wp\/v2\/categories?post=14075"},{"taxonomy":"post_tag","embeddable":true,"href":"https:\/\/claitec.com\/ca\/wp-json\/wp\/v2\/tags?post=14075"}],"curies":[{"name":"wp","href":"https:\/\/api.w.org\/{rel}","templated":true}]}}