
{"id":2641,"date":"2016-07-14T07:21:07","date_gmt":"2016-07-14T07:21:07","guid":{"rendered":"http:\/\/claitec.com\/ca\/mantienerse-actualizado-sobre-normativa-de-seguridad-en-lugares-de-trabajo\/"},"modified":"2017-08-28T06:43:52","modified_gmt":"2017-08-28T06:43:52","slug":"mantenir-actualitzat-sobre-normativa-de-seguretat-a-llocs-de-treball","status":"publish","type":"post","link":"https:\/\/claitec.com\/ca\/mantenir-actualitzat-sobre-normativa-de-seguretat-a-llocs-de-treball\/","title":{"rendered":"Empresari: \u00bfEs mant\u00e9 actualitzat sobre la normativa en materia de seguretat en llocs de treball?"},"content":{"rendered":"<p><a href=\"https:\/\/claitec.com\/wp-content\/uploads\/2016\/07\/Normativa-de-Seguridad-en-lugares-de-trabajo.jpg\"><img loading=\"lazy\" decoding=\"async\" class=\"aligncenter size-full wp-image-2638\" src=\"https:\/\/claitec.com\/wp-content\/uploads\/2016\/07\/Normativa-de-Seguridad-en-lugares-de-trabajo.jpg\" alt=\"Normativa de Seguridad en lugares de trabajo\" width=\"1024\" height=\"510\" srcset=\"https:\/\/claitec.com\/wp-content\/uploads\/2016\/07\/Normativa-de-Seguridad-en-lugares-de-trabajo.jpg 1024w, https:\/\/claitec.com\/wp-content\/uploads\/2016\/07\/Normativa-de-Seguridad-en-lugares-de-trabajo-300x149.jpg 300w, https:\/\/claitec.com\/wp-content\/uploads\/2016\/07\/Normativa-de-Seguridad-en-lugares-de-trabajo-768x383.jpg 768w\" sizes=\"auto, (max-width: 1024px) 100vw, 1024px\" \/><\/a><\/p>\n<p>&nbsp;<\/p>\n<p>El Reial Decret 486\/1997 estableix les disposicions m\u00ednimes de seguretat i salut en els llocs de treball. En la seva disposici\u00f3 final primera, encomana a l&#8217;Institut Nacional de Seguretat i Higiene en el Treball (INSHT) a Espanya, l&#8217;elaboraci\u00f3 i actualitzaci\u00f3 d&#8217;una guia t\u00e8cnica per a l&#8217;avaluaci\u00f3 i prevenci\u00f3 dels riscos relatius a la utilitzaci\u00f3 dels llocs de treball. L&#8217;\u00faltima actualitzaci\u00f3 data de mar\u00e7 de 2015.<\/p>\n<p>La guia proporciona criteris i recomanacions perqu\u00e8 els empresaris i els responsables de prevenci\u00f3 tinguin m\u00e9s facilitat a l&#8217;hora d\u2019interpretar i aplicar el Reial Decret 486\/1997, en particular pel que fa a l&#8217;avaluaci\u00f3 de riscos per als treballadors, aix\u00ed com recomanacions per apostar a la prevenci\u00f3 d&#8217;accidents.<\/p>\n<p>&nbsp;<\/p>\n<p>L&#8217;Article 3 del Decret estableix que &#8220;l&#8217;empresari ha d&#8217;adoptar les mesures necess\u00e0ries perqu\u00e8 la utilitzaci\u00f3 dels llocs de treball no origini riscos per a la seguretat i salut dels treballadors o, si aix\u00f2 no fos possible, perqu\u00e8 aquests riscos es redueixin al m\u00ednim. (&#8230;) Els llocs de treball han de complir les disposicions m\u00ednimes establertes en el present Reial Decret&#8221;. Pel que fa a les \u00e0rees d&#8217;aplicaci\u00f3, inclou condicions constructives, ordre, neteja i manteniment, senyalitzaci\u00f3, instal\u00b7lacions de servei o protecci\u00f3, condicions ambientals, il\u00b7luminaci\u00f3, serveis higi\u00e8nics i locals de descans, i material i locals de primers auxilis.<\/p>\n<p>&nbsp;<\/p>\n<p>No obstant aix\u00f2, volem centrar-nos en alguns punts que s\u00f3n m\u00e9s &#8220;familiars&#8221; per a nosaltres:<\/p>\n<p>&nbsp;<\/p>\n<p><strong>Punt 3 i 4 de l&#8217;ANNEX I-A:<\/strong> &#8220;S&#8217;han de prendre les mesures adequades per a la protecci\u00f3 dels treballadors autoritzats a accedir a les zones dels llocs de treball on la seguretat dels treballadors es pugui veure afectada per riscos de caiguda, caiguda d&#8217;objectes i contacte o exposici\u00f3 a elements agressius&#8221;. I continua en el Punt 4: &#8220;Les zones dels llocs de treball en qu\u00e8 hi hagi risc de caiguda, de caiguda d&#8217;objectes o de contacte o exposici\u00f3 a elements agressius, hauran d&#8217;estar clarament senyalitzades&#8221;.<\/p>\n<p>Per a aquests casos, la soluci\u00f3 ideal \u00e9s el <a href=\"https:\/\/claitec.com\/ca\/portfolio\/sistema-anti-caigudes-fps\/\">Sistema Anti-caigudes:<\/a> No nom\u00e9s s&#8217;encarrega de prevenir caigudes gr\u00e0cies a l&#8217;arn\u00e8s, tamb\u00e9 s&#8217;atura completament el funcionament de la m\u00e0quina. D&#8217;aquesta manera, s&#8217;aconsegueix disminuir els riscos al m\u00ednim possible. Tamb\u00e9 s&#8217;utilitza molt la soluci\u00f3 <a href=\"https:\/\/claitec.com\/ca\/portfolio\/arees-perilloses-ha\/\">\u00c0rees Perilloses<\/a>, que prev\u00e9 riscos en zones particularment perilloses, com fosses o cintes transportadores.<\/p>\n<p>&nbsp;<\/p>\n<p>El <strong>Punt 5 de l&#8217;ANNEX I-A <\/strong>tracta de les Vies de Circulaci\u00f3. I diu: &#8220;Les vies de circulaci\u00f3 dels llocs de treball (&#8230;) han de poder utilitzar-se conforme al seu \u00fas previst, de forma f\u00e0cil i amb total seguretat per als vianants o vehicles que hi circulin i per al personal que treballi en les seves proximitats&#8221;.<\/p>\n<p>Aqu\u00ed \u00e9s important distingir entre treballadors ocupant un mitj\u00e0 de transport o de c\u00e0rrega, com un carret\u00f3, i el treballador a peu o vianant. Hi ha solucions que prevenen riscos que afecten en particular als accidents entre mitjans de transport:<\/p>\n<p>&nbsp;<\/p>\n<p>La soluci\u00f3 <a href=\"https:\/\/claitec.com\/ca\/portfolio\/area-de-baixa-velocitat-lsa\/\">\u00c0rea de Baixa Velocidad<\/a>, per exemple, permet limitar la velocitat en que circulen els carretons en diferents zones de la planta. <a href=\"https:\/\/claitec.com\/ca\/portfolio\/seguretat-passadis-estret-nas\/\">Seguretat en Passad\u00eds Estret<\/a>, per la seva banda, minimitza els riscos de col\u00b7lisi\u00f3 en zones de pas estret. Zona Angle Mort i Sistema anticol\u00b7lisi\u00f3 tamb\u00e9 s&#8217;enfronten el risc de col\u00b7lisi\u00f3 entre carretons.<\/p>\n<p>&nbsp;<\/p>\n<p>Pel que fa a aquelles que s&#8217;encarreguen de potenciar la seguretat del vianant, la m\u00e9s utilitzada \u00e9s <a href=\"https:\/\/claitec.com\/ca\/portfolio\/alerta-de-persones-pas\/\">l\u2019Alerta de persones<\/a>, que evita accidents mostrant senyals als conductors del carretons quan un vianant s&#8217;apropa. Similar funci\u00f3 compleix la soluci\u00f3 <a href=\"https:\/\/claitec.com\/ca\/portfolio\/seguretat-creuament-de-vianants-pcs\/\">Seguretat en creuament de vianants<\/a>, que \u00e9s especialment \u00fatil per a zones d&#8217;encreuament de vianants.<\/p>\n<p>&nbsp;<\/p>\n<p>Posteriorment, el mateix punt parla de &#8220;En el cas dels molls i rampes de c\u00e0rrega s&#8217;ha de tenir especialment en compte la dimensi\u00f3 de les c\u00e0rregues transportades&#8221;. En aquests casos, la forma de disminuir riscos \u00e9s amb un sistema de <a href=\"https:\/\/claitec.com\/ca\/portfolio\/seguretat-en-descarrega-camions-tds\/\">Seguretat en Desc\u00e0rrega de Camions<\/a>.<\/p>\n<p>&nbsp;<\/p>\n<p>Per mantenir-se actualitzat sobre aquests temes, i sobre normativa en general, li recomanem que es subscrigui al nostre blog.<\/p>\n<p>&nbsp;<\/p>\n","protected":false},"excerpt":{"rendered":"<p>&nbsp; El Reial Decret 486\/1997 estableix les disposicions m\u00ednimes de seguretat i salut en els llocs de treball. En la seva disposici\u00f3 final primera, encomana a l&#8217;Institut Nacional de Seguretat i Higiene en el Treball (INSHT) a Espanya, l&#8217;elaboraci\u00f3 i actualitzaci\u00f3 d&#8217;una guia t\u00e8cnica per a l&#8217;avaluaci\u00f3 i prevenci\u00f3 dels riscos relatius a la utilitzaci\u00f3 dels llocs de treball. L&#8217;\u00faltima actualitzaci\u00f3 data de mar\u00e7 de 2015. La guia proporciona criteris i recomanacions perqu\u00e8 els empresaris i els responsables de prevenci\u00f3 tinguin m\u00e9s facilitat a l&#8217;hora d\u2019interpretar i aplicar el Reial Decret 486\/1997, en particular pel que fa a l&#8217;avaluaci\u00f3 de riscos per als treballadors, aix\u00ed com recomanacions per apostar a la prevenci\u00f3 d&#8217;accidents. &nbsp; L&#8217;Article 3 del Decret estableix que &#8220;l&#8217;empresari ha d&#8217;adoptar les mesures necess\u00e0ries perqu\u00e8 la utilitzaci\u00f3 dels llocs de treball no origini riscos per a la seguretat i salut dels treballadors o, si aix\u00f2 no fos possible, perqu\u00e8 aquests riscos es redueixin al m\u00ednim. (&#8230;) Els llocs de treball han de complir les disposicions m\u00ednimes establertes en el present Reial Decret&#8221;. Pel que fa a les \u00e0rees d&#8217;aplicaci\u00f3, inclou condicions constructives, ordre, neteja i manteniment, senyalitzaci\u00f3, instal\u00b7lacions de servei o protecci\u00f3, condicions ambientals, il\u00b7luminaci\u00f3, serveis higi\u00e8nics i [&hellip;]<\/p>\n","protected":false},"author":4,"featured_media":2637,"comment_status":"open","ping_status":"open","sticky":false,"template":"","format":"standard","meta":{"footnotes":""},"categories":[16],"tags":[],"class_list":["post-2641","post","type-post","status-publish","format-standard","has-post-thumbnail","hentry","category-general-ca"],"_links":{"self":[{"href":"https:\/\/claitec.com\/ca\/wp-json\/wp\/v2\/posts\/2641","targetHints":{"allow":["GET"]}}],"collection":[{"href":"https:\/\/claitec.com\/ca\/wp-json\/wp\/v2\/posts"}],"about":[{"href":"https:\/\/claitec.com\/ca\/wp-json\/wp\/v2\/types\/post"}],"author":[{"embeddable":true,"href":"https:\/\/claitec.com\/ca\/wp-json\/wp\/v2\/users\/4"}],"replies":[{"embeddable":true,"href":"https:\/\/claitec.com\/ca\/wp-json\/wp\/v2\/comments?post=2641"}],"version-history":[{"count":3,"href":"https:\/\/claitec.com\/ca\/wp-json\/wp\/v2\/posts\/2641\/revisions"}],"predecessor-version":[{"id":2644,"href":"https:\/\/claitec.com\/ca\/wp-json\/wp\/v2\/posts\/2641\/revisions\/2644"}],"wp:featuredmedia":[{"embeddable":true,"href":"https:\/\/claitec.com\/ca\/wp-json\/wp\/v2\/media\/2637"}],"wp:attachment":[{"href":"https:\/\/claitec.com\/ca\/wp-json\/wp\/v2\/media?parent=2641"}],"wp:term":[{"taxonomy":"category","embeddable":true,"href":"https:\/\/claitec.com\/ca\/wp-json\/wp\/v2\/categories?post=2641"},{"taxonomy":"post_tag","embeddable":true,"href":"https:\/\/claitec.com\/ca\/wp-json\/wp\/v2\/tags?post=2641"}],"curies":[{"name":"wp","href":"https:\/\/api.w.org\/{rel}","templated":true}]}}