
{"id":2721,"date":"2016-11-08T09:55:16","date_gmt":"2016-11-08T09:55:16","guid":{"rendered":"http:\/\/claitec.com\/ca\/claitec-en-el-cemat-asia-2016\/"},"modified":"2017-08-23T16:06:21","modified_gmt":"2017-08-23T16:06:21","slug":"claitec-al-cemat-asia-2016","status":"publish","type":"post","link":"https:\/\/claitec.com\/ca\/claitec-al-cemat-asia-2016\/","title":{"rendered":"Claitec al CeMAT-ASIA 2016"},"content":{"rendered":"<p><a href=\"https:\/\/claitec.com\/wp-content\/uploads\/2016\/11\/Cemat-Asia-2016.jpg\"><img loading=\"lazy\" decoding=\"async\" class=\"aligncenter size-full wp-image-2717\" src=\"https:\/\/claitec.com\/wp-content\/uploads\/2016\/11\/Cemat-Asia-2016.jpg\" alt=\"cemat-asia-2016\" width=\"1024\" height=\"510\" srcset=\"https:\/\/claitec.com\/wp-content\/uploads\/2016\/11\/Cemat-Asia-2016.jpg 1024w, https:\/\/claitec.com\/wp-content\/uploads\/2016\/11\/Cemat-Asia-2016-300x149.jpg 300w, https:\/\/claitec.com\/wp-content\/uploads\/2016\/11\/Cemat-Asia-2016-768x383.jpg 768w\" sizes=\"auto, (max-width: 1024px) 100vw, 1024px\" \/><\/a><\/p>\n<p>&nbsp;<\/p>\n<p>Fa uns dies va tenir lloc a China el <a href=\"http:\/\/www.cemat-asia.com\/CN\/\">CeMAT-ASIA 2016<\/a>, la principal fira d&#8217;intercanvi a nivell mundial d\u2019Intralog\u00edstics (intralog\u00edstica) i <em>Supply chain <\/em>(cadena de subministrament). A Claitec estem feli\u00e7os per la forta activitat que va tenir l&#8217;estand que va representar a l&#8217;empresa.<\/p>\n<p>&nbsp;<\/p>\n<p><a href=\"http:\/\/www.dehao.com\/\">Greenpack<\/a>, importador Claitec a l\u2019Asia, ser\u00e0 present presentant la seva gamma de producte <a href=\"https:\/\/claitec.com\/ca\/portfolio\/alerta-de-persones-pas\/\">PAS (Alerta de persones)<\/a> i les \u00faltimes novetats.<\/p>\n<p>&nbsp;<\/p>\n<p>La pres\u00e8ncia de Greenpack a la fira va significar una oportunitat excel\u00b7lent per donar a con\u00e8ixer la marca i productes de CLAITEC al mercat asi\u00e0tic.<\/p>\n","protected":false},"excerpt":{"rendered":"<p>&nbsp; Fa uns dies va tenir lloc a China el CeMAT-ASIA 2016, la principal fira d&#8217;intercanvi a nivell mundial d\u2019Intralog\u00edstics (intralog\u00edstica) i Supply chain (cadena de subministrament). A Claitec estem feli\u00e7os per la forta activitat que va tenir l&#8217;estand que va representar a l&#8217;empresa. &nbsp; Greenpack, importador Claitec a l\u2019Asia, ser\u00e0 present presentant la seva gamma de producte PAS (Alerta de persones) i les \u00faltimes novetats. &nbsp; La pres\u00e8ncia de Greenpack a la fira va significar una oportunitat excel\u00b7lent per donar a con\u00e8ixer la marca i productes de CLAITEC al mercat asi\u00e0tic.<\/p>\n","protected":false},"author":4,"featured_media":2718,"comment_status":"open","ping_status":"open","sticky":false,"template":"","format":"standard","meta":{"footnotes":""},"categories":[16],"tags":[],"class_list":["post-2721","post","type-post","status-publish","format-standard","has-post-thumbnail","hentry","category-general-ca"],"_links":{"self":[{"href":"https:\/\/claitec.com\/ca\/wp-json\/wp\/v2\/posts\/2721","targetHints":{"allow":["GET"]}}],"collection":[{"href":"https:\/\/claitec.com\/ca\/wp-json\/wp\/v2\/posts"}],"about":[{"href":"https:\/\/claitec.com\/ca\/wp-json\/wp\/v2\/types\/post"}],"author":[{"embeddable":true,"href":"https:\/\/claitec.com\/ca\/wp-json\/wp\/v2\/users\/4"}],"replies":[{"embeddable":true,"href":"https:\/\/claitec.com\/ca\/wp-json\/wp\/v2\/comments?post=2721"}],"version-history":[{"count":2,"href":"https:\/\/claitec.com\/ca\/wp-json\/wp\/v2\/posts\/2721\/revisions"}],"predecessor-version":[{"id":2725,"href":"https:\/\/claitec.com\/ca\/wp-json\/wp\/v2\/posts\/2721\/revisions\/2725"}],"wp:featuredmedia":[{"embeddable":true,"href":"https:\/\/claitec.com\/ca\/wp-json\/wp\/v2\/media\/2718"}],"wp:attachment":[{"href":"https:\/\/claitec.com\/ca\/wp-json\/wp\/v2\/media?parent=2721"}],"wp:term":[{"taxonomy":"category","embeddable":true,"href":"https:\/\/claitec.com\/ca\/wp-json\/wp\/v2\/categories?post=2721"},{"taxonomy":"post_tag","embeddable":true,"href":"https:\/\/claitec.com\/ca\/wp-json\/wp\/v2\/tags?post=2721"}],"curies":[{"name":"wp","href":"https:\/\/api.w.org\/{rel}","templated":true}]}}