
{"id":4461,"date":"2018-11-16T11:42:18","date_gmt":"2018-11-16T11:42:18","guid":{"rendered":"https:\/\/claitec.com\/claitec-en-el-logistik-transport-2018\/"},"modified":"2018-11-16T11:57:58","modified_gmt":"2018-11-16T11:57:58","slug":"claitec-en-el-logistik-transport-2018","status":"publish","type":"post","link":"https:\/\/claitec.com\/ca\/claitec-en-el-logistik-transport-2018\/","title":{"rendered":"Claitec en el Logistik Transport 2018"},"content":{"rendered":"<p><a href=\"https:\/\/claitec.com\/wp-content\/uploads\/2018\/11\/Claitec-at-Logistik-transport-2018.jpg\"><img loading=\"lazy\" decoding=\"async\" class=\"aligncenter size-full wp-image-4459\" src=\"https:\/\/claitec.com\/wp-content\/uploads\/2018\/11\/Claitec-at-Logistik-transport-2018.jpg\" alt=\"\" width=\"1024\" height=\"510\" srcset=\"https:\/\/claitec.com\/wp-content\/uploads\/2018\/11\/Claitec-at-Logistik-transport-2018.jpg 1024w, https:\/\/claitec.com\/wp-content\/uploads\/2018\/11\/Claitec-at-Logistik-transport-2018-300x149.jpg 300w, https:\/\/claitec.com\/wp-content\/uploads\/2018\/11\/Claitec-at-Logistik-transport-2018-768x383.jpg 768w\" sizes=\"auto, (max-width: 1024px) 100vw, 1024px\" \/><\/a><\/p>\n<p>&nbsp;<\/p>\n<p>Fa uns dies va tenir lloc a Su\u00e8cia el <a href=\"https:\/\/en.logistik.to\/\">Logistik Transport 2018<\/a>, la principal fira del Transport i Log\u00edstica d&#8217;Escandin\u00e0via.<\/p>\n<p>&nbsp;<\/p>\n<p>L\u2019equip de Claitec, juntamente amb <a href=\"http:\/\/apeximport.se\/\">APEX<\/a>, importador Claitec a Su\u00e8cia, va estar present ensenyant la nostra gamma de producte <a href=\"http:\/\/claitec.com\/ca\/portfolio\/alerta-de-persones-pas\/\">PAS (Alerta de persones)<\/a>, <a href=\"https:\/\/claitec.com\/ca\/portfolio\/area-de-baixa-velocitat-lsa\/\">LSA (Limitaci\u00f3 de velocitat per zones)<\/a> i les \u00faltimes novetats;<\/p>\n<p>&nbsp;<\/p>\n<ul>\n<li>El nou Tag personal T-10R: \u00e9s un dispositiu RFID actiu de llarga durada que es pot posar en qualsevol actiu o persona.<\/li>\n<li>La nova aplicaci\u00f3 CAS-G2 (anticol\u00b7lisi\u00f3 de carretons): \u00e9s una soluci\u00f3 que adverteix als conductors dels carretons quan detecta altres carretons.<\/li>\n<li>La soluci\u00f3 VAS (Visualitzaci\u00f3 d&#8217;Alertes de Seguretat): \u00e9s una soluci\u00f3 que adverteix als vianants i\/o carretons projectant les senyals a terra.<\/li>\n<\/ul>\n<p>&nbsp;<\/p>\n<p>La nostra pres\u00e8ncia a la fira va significar una oportunitat excel\u00b7lent per donar a con\u00e8ixer la marca i productes de CLAITEC en el mercat suec.<\/p>\n","protected":false},"excerpt":{"rendered":"<p>&nbsp; Fa uns dies va tenir lloc a Su\u00e8cia el Logistik Transport 2018, la principal fira del Transport i Log\u00edstica d&#8217;Escandin\u00e0via. &nbsp; L\u2019equip de Claitec, juntamente amb APEX, importador Claitec a Su\u00e8cia, va estar present ensenyant la nostra gamma de producte PAS (Alerta de persones), LSA (Limitaci\u00f3 de velocitat per zones) i les \u00faltimes novetats; &nbsp; El nou Tag personal T-10R: \u00e9s un dispositiu RFID actiu de llarga durada que es pot posar en qualsevol actiu o persona. La nova aplicaci\u00f3 CAS-G2 (anticol\u00b7lisi\u00f3 de carretons): \u00e9s una soluci\u00f3 que adverteix als conductors dels carretons quan detecta altres carretons. La soluci\u00f3 VAS (Visualitzaci\u00f3 d&#8217;Alertes de Seguretat): \u00e9s una soluci\u00f3 que adverteix als vianants i\/o carretons projectant les senyals a terra. &nbsp; La nostra pres\u00e8ncia a la fira va significar una oportunitat excel\u00b7lent per donar a con\u00e8ixer la marca i productes de CLAITEC en el mercat suec.<\/p>\n","protected":false},"author":4,"featured_media":4462,"comment_status":"closed","ping_status":"closed","sticky":false,"template":"","format":"standard","meta":{"footnotes":""},"categories":[16],"tags":[],"class_list":["post-4461","post","type-post","status-publish","format-standard","has-post-thumbnail","hentry","category-general-ca"],"_links":{"self":[{"href":"https:\/\/claitec.com\/ca\/wp-json\/wp\/v2\/posts\/4461","targetHints":{"allow":["GET"]}}],"collection":[{"href":"https:\/\/claitec.com\/ca\/wp-json\/wp\/v2\/posts"}],"about":[{"href":"https:\/\/claitec.com\/ca\/wp-json\/wp\/v2\/types\/post"}],"author":[{"embeddable":true,"href":"https:\/\/claitec.com\/ca\/wp-json\/wp\/v2\/users\/4"}],"replies":[{"embeddable":true,"href":"https:\/\/claitec.com\/ca\/wp-json\/wp\/v2\/comments?post=4461"}],"version-history":[{"count":2,"href":"https:\/\/claitec.com\/ca\/wp-json\/wp\/v2\/posts\/4461\/revisions"}],"predecessor-version":[{"id":4468,"href":"https:\/\/claitec.com\/ca\/wp-json\/wp\/v2\/posts\/4461\/revisions\/4468"}],"wp:featuredmedia":[{"embeddable":true,"href":"https:\/\/claitec.com\/ca\/wp-json\/wp\/v2\/media\/4462"}],"wp:attachment":[{"href":"https:\/\/claitec.com\/ca\/wp-json\/wp\/v2\/media?parent=4461"}],"wp:term":[{"taxonomy":"category","embeddable":true,"href":"https:\/\/claitec.com\/ca\/wp-json\/wp\/v2\/categories?post=4461"},{"taxonomy":"post_tag","embeddable":true,"href":"https:\/\/claitec.com\/ca\/wp-json\/wp\/v2\/tags?post=4461"}],"curies":[{"name":"wp","href":"https:\/\/api.w.org\/{rel}","templated":true}]}}