
{"id":4826,"date":"2019-02-07T10:57:24","date_gmt":"2019-02-07T10:57:24","guid":{"rendered":"https:\/\/claitec.com\/logistic-summit-expo-2019\/"},"modified":"2019-02-07T11:25:37","modified_gmt":"2019-02-07T11:25:37","slug":"logistic-summit-expo-2019","status":"publish","type":"post","link":"https:\/\/claitec.com\/ca\/logistic-summit-expo-2019\/","title":{"rendered":"Visita&#8217;ns al Logistic Summit &#038; Expo 2019"},"content":{"rendered":"<p><a href=\"https:\/\/claitec.com\/wp-content\/uploads\/2019\/02\/claitec-logistic-summit-2019.jpg\"><img loading=\"lazy\" decoding=\"async\" class=\"aligncenter size-full wp-image-4823\" src=\"https:\/\/claitec.com\/wp-content\/uploads\/2019\/02\/claitec-logistic-summit-2019.jpg\" alt=\"\" width=\"1024\" height=\"510\" srcset=\"https:\/\/claitec.com\/wp-content\/uploads\/2019\/02\/claitec-logistic-summit-2019.jpg 1024w, https:\/\/claitec.com\/wp-content\/uploads\/2019\/02\/claitec-logistic-summit-2019-300x149.jpg 300w, https:\/\/claitec.com\/wp-content\/uploads\/2019\/02\/claitec-logistic-summit-2019-768x383.jpg 768w\" sizes=\"auto, (max-width: 1024px) 100vw, 1024px\" \/><\/a><\/p>\n<p>&nbsp;<\/p>\n<p>Del 13 al 14 de mar\u00e7 es celebra una nova edici\u00f3 del <a href=\"http:\/\/logisticsummit.com\/\">LOGISTIC summit &amp; expo 2019<\/a>, l&#8217;expo m\u00e9s important de Llatinoam\u00e8rica que reuneix els prove\u00efdors l\u00edders del sector log\u00edstic.<\/p>\n<p>&nbsp;<\/p>\n<p><a href=\"http:\/\/www.drillcompany.com.mx\/\">DRILL Company<\/a>, representant de CLAITEC a M\u00e8xic, ser\u00e0 present a <strong>l&#8217;estand 1812<\/strong>, presentant la nostra gamma de producte <a href=\"https:\/\/claitec.com\/ca\/portfolio\/alerta-de-persones-pas\/\">PAS (Detector de persones)<\/a> i les \u00faltimes novetats.<\/p>\n<p>&nbsp;<\/p>\n<p>Estarem encantats de veure&#8217;t al LOGISTIC summit &amp; expo 2019.<\/p>\n","protected":false},"excerpt":{"rendered":"<p>&nbsp; Del 13 al 14 de mar\u00e7 es celebra una nova edici\u00f3 del LOGISTIC summit &amp; expo 2019, l&#8217;expo m\u00e9s important de Llatinoam\u00e8rica que reuneix els prove\u00efdors l\u00edders del sector log\u00edstic. &nbsp; DRILL Company, representant de CLAITEC a M\u00e8xic, ser\u00e0 present a l&#8217;estand 1812, presentant la nostra gamma de producte PAS (Detector de persones) i les \u00faltimes novetats. &nbsp; Estarem encantats de veure&#8217;t al LOGISTIC summit &amp; expo 2019.<\/p>\n","protected":false},"author":4,"featured_media":4827,"comment_status":"open","ping_status":"open","sticky":false,"template":"","format":"standard","meta":{"footnotes":""},"categories":[16],"tags":[],"class_list":["post-4826","post","type-post","status-publish","format-standard","has-post-thumbnail","hentry","category-general-ca"],"_links":{"self":[{"href":"https:\/\/claitec.com\/ca\/wp-json\/wp\/v2\/posts\/4826","targetHints":{"allow":["GET"]}}],"collection":[{"href":"https:\/\/claitec.com\/ca\/wp-json\/wp\/v2\/posts"}],"about":[{"href":"https:\/\/claitec.com\/ca\/wp-json\/wp\/v2\/types\/post"}],"author":[{"embeddable":true,"href":"https:\/\/claitec.com\/ca\/wp-json\/wp\/v2\/users\/4"}],"replies":[{"embeddable":true,"href":"https:\/\/claitec.com\/ca\/wp-json\/wp\/v2\/comments?post=4826"}],"version-history":[{"count":2,"href":"https:\/\/claitec.com\/ca\/wp-json\/wp\/v2\/posts\/4826\/revisions"}],"predecessor-version":[{"id":4834,"href":"https:\/\/claitec.com\/ca\/wp-json\/wp\/v2\/posts\/4826\/revisions\/4834"}],"wp:featuredmedia":[{"embeddable":true,"href":"https:\/\/claitec.com\/ca\/wp-json\/wp\/v2\/media\/4827"}],"wp:attachment":[{"href":"https:\/\/claitec.com\/ca\/wp-json\/wp\/v2\/media?parent=4826"}],"wp:term":[{"taxonomy":"category","embeddable":true,"href":"https:\/\/claitec.com\/ca\/wp-json\/wp\/v2\/categories?post=4826"},{"taxonomy":"post_tag","embeddable":true,"href":"https:\/\/claitec.com\/ca\/wp-json\/wp\/v2\/tags?post=4826"}],"curies":[{"name":"wp","href":"https:\/\/api.w.org\/{rel}","templated":true}]}}