
{"id":6683,"date":"2020-03-30T15:35:40","date_gmt":"2020-03-30T15:35:40","guid":{"rendered":"https:\/\/claitec.com\/aviso-covid-19\/"},"modified":"2020-03-30T16:44:20","modified_gmt":"2020-03-30T16:44:20","slug":"avis-covid-19","status":"publish","type":"post","link":"https:\/\/claitec.com\/ca\/avis-covid-19\/","title":{"rendered":"Av\u00eds covid-19"},"content":{"rendered":"\n<figure class=\"wp-block-image size-full\"><img loading=\"lazy\" decoding=\"async\" width=\"1280\" height=\"638\" src=\"https:\/\/claitec.com\/wp-content\/uploads\/2020\/03\/Avis-covid-19-claitec.jpg\" alt=\"\" class=\"wp-image-6698\" srcset=\"https:\/\/claitec.com\/wp-content\/uploads\/2020\/03\/Avis-covid-19-claitec.jpg 1280w, https:\/\/claitec.com\/wp-content\/uploads\/2020\/03\/Avis-covid-19-claitec-300x150.jpg 300w, https:\/\/claitec.com\/wp-content\/uploads\/2020\/03\/Avis-covid-19-claitec-1024x510.jpg 1024w, https:\/\/claitec.com\/wp-content\/uploads\/2020\/03\/Avis-covid-19-claitec-768x383.jpg 768w\" sizes=\"auto, (max-width: 1280px) 100vw, 1280px\" \/><\/figure>\n\n\n\n<p>En compliment del\u00a0<strong>Decret del Govern de l\u2019Estat Espanyol<\/strong>\u00a0a dia 29 de Mar\u00e7 del 2020 per activitats no essencials, des de Claitec ens veiem en l\u2019obligaci\u00f3 i responsabilitat de\u00a0<strong>suspendre temporalment\u00a0<\/strong>la nostra\u00a0<strong>activitat productiva i log\u00edstica<\/strong>.<\/p>\n\n\n\n<p>Aquesta suspensi\u00f3 ser\u00e0 efectiva a partir d\u2019avui i<strong>\u00a0fins el proper 14 d\u2019abril<\/strong>\u00a0o fins a nova data que imposi el govern espanyol.<br><br><\/p>\n\n\n\n<p>Us seguirem informant a mesura que avanci la situaci\u00f3 i puguem anar restablint de manera puntual o definitiva les activitats productives i entregues de material.<\/p>\n\n\n\n<p>Un cop superada aquesta situaci\u00f3 d\u2019excepci\u00f3, des de Claitec estem completament preparats\u00a0<strong>per reprendre l\u2019activitat productiva i entrega de material<\/strong>.<br><br><\/p>\n\n\n\n<p>Mentrestant\u00a0<strong>mantenim les nostres tasques comercials i dubtes t\u00e8cnics<\/strong>\u00a0a trav\u00e9s del teletreball, de manera que per qualsevol consulta ens podeu contactar pels canals habituals:<\/p>\n\n\n\n<p>+34 972 183 225<\/p>\n\n\n\n<p><a rel=\"noreferrer noopener\" href=\"mailto:info@claitec.com\" target=\"_blank\">info@claitec.com<\/a><br><br><\/p>\n\n\n\n<p>Seguim treballant fent pinya perqu\u00e8 entre tots puguem\u00a0<strong>superar aquesta situaci\u00f3<\/strong>\u00a0el m\u00e9s aviat possible i us desitgem a tots\u00a0<strong>salut i responsabilitat<\/strong>.<br><br><\/p>\n\n\n\n<p>Moltes gr\u00e0cies per la comprensi\u00f3 i col\u00b7laboraci\u00f3.<\/p>\n","protected":false},"excerpt":{"rendered":"<p>En compliment del\u00a0Decret del Govern de l\u2019Estat Espanyol\u00a0a dia 29 de Mar\u00e7 del 2020 per activitats no essencials, des de Claitec ens veiem en l\u2019obligaci\u00f3 i responsabilitat de\u00a0suspendre temporalment\u00a0la nostra\u00a0activitat productiva i log\u00edstica. Aquesta suspensi\u00f3 ser\u00e0 efectiva a partir d\u2019avui i\u00a0fins el proper 14 d\u2019abril\u00a0o fins a nova data que imposi el govern espanyol. Us seguirem informant a mesura que avanci la situaci\u00f3 i puguem anar restablint de manera puntual o definitiva les activitats productives i entregues de material. Un cop superada aquesta situaci\u00f3 d\u2019excepci\u00f3, des de Claitec estem completament preparats\u00a0per reprendre l\u2019activitat productiva i entrega de material. Mentrestant\u00a0mantenim les nostres tasques comercials i dubtes t\u00e8cnics\u00a0a trav\u00e9s del teletreball, de manera que per qualsevol consulta ens podeu contactar pels canals habituals: +34 972 183 225 info@claitec.com Seguim treballant fent pinya perqu\u00e8 entre tots puguem\u00a0superar aquesta situaci\u00f3\u00a0el m\u00e9s aviat possible i us desitgem a tots\u00a0salut i responsabilitat. Moltes gr\u00e0cies per la comprensi\u00f3 i col\u00b7laboraci\u00f3.<\/p>\n","protected":false},"author":4,"featured_media":6697,"comment_status":"closed","ping_status":"closed","sticky":false,"template":"","format":"standard","meta":{"footnotes":""},"categories":[16],"tags":[],"class_list":["post-6683","post","type-post","status-publish","format-standard","has-post-thumbnail","hentry","category-general-ca"],"_links":{"self":[{"href":"https:\/\/claitec.com\/ca\/wp-json\/wp\/v2\/posts\/6683","targetHints":{"allow":["GET"]}}],"collection":[{"href":"https:\/\/claitec.com\/ca\/wp-json\/wp\/v2\/posts"}],"about":[{"href":"https:\/\/claitec.com\/ca\/wp-json\/wp\/v2\/types\/post"}],"author":[{"embeddable":true,"href":"https:\/\/claitec.com\/ca\/wp-json\/wp\/v2\/users\/4"}],"replies":[{"embeddable":true,"href":"https:\/\/claitec.com\/ca\/wp-json\/wp\/v2\/comments?post=6683"}],"version-history":[{"count":2,"href":"https:\/\/claitec.com\/ca\/wp-json\/wp\/v2\/posts\/6683\/revisions"}],"predecessor-version":[{"id":6699,"href":"https:\/\/claitec.com\/ca\/wp-json\/wp\/v2\/posts\/6683\/revisions\/6699"}],"wp:featuredmedia":[{"embeddable":true,"href":"https:\/\/claitec.com\/ca\/wp-json\/wp\/v2\/media\/6697"}],"wp:attachment":[{"href":"https:\/\/claitec.com\/ca\/wp-json\/wp\/v2\/media?parent=6683"}],"wp:term":[{"taxonomy":"category","embeddable":true,"href":"https:\/\/claitec.com\/ca\/wp-json\/wp\/v2\/categories?post=6683"},{"taxonomy":"post_tag","embeddable":true,"href":"https:\/\/claitec.com\/ca\/wp-json\/wp\/v2\/tags?post=6683"}],"curies":[{"name":"wp","href":"https:\/\/api.w.org\/{rel}","templated":true}]}}